{"id":5733,"date":"2026-01-23T17:07:45","date_gmt":"2026-01-23T17:07:45","guid":{"rendered":"https:\/\/www.apjbrito.com\/?p=5733"},"modified":"2026-01-23T17:07:59","modified_gmt":"2026-01-23T17:07:59","slug":"camoes-a-ler-entre-versos-e-rodopios-celebramos-o-nascimento-de-camoes-e-a-tradicao-minhota","status":"publish","type":"post","link":"https:\/\/www.apjbrito.com\/index.php\/2026\/01\/23\/camoes-a-ler-entre-versos-e-rodopios-celebramos-o-nascimento-de-camoes-e-a-tradicao-minhota\/","title":{"rendered":"\u201cCAM\u00d5ES A LER\u201d &#8211;\u00a0Entre Versos e Rodopios: Celebramos\u00a0o Nascimento de\u00a0Cam\u00f5es e a Tradi\u00e7\u00e3o Minhota\u00a0"},"content":{"rendered":"\n<p>Associar esta&nbsp;figura central da l\u00edngua portuguesa ao territ\u00f3rio local (neste caso, o Minho) ajudou&nbsp;os alunos a sentirem que a Hist\u00f3ria e a Literatura&nbsp;n\u00e3o s\u00e3o conceitos distantes.&nbsp;<\/p>\n\n\n<div class=\"wp-block-image\">\n<figure class=\"aligncenter size-large\"><a href=\"https:\/\/youtu.be\/kXfD4sGrkvA\"><img loading=\"lazy\" decoding=\"async\" width=\"1024\" height=\"534\" src=\"https:\/\/www.apjbrito.com\/wp-content\/uploads\/2026\/01\/camoes-1024x534.jpg\" alt=\"\" class=\"wp-image-5734\" srcset=\"https:\/\/www.apjbrito.com\/wp-content\/uploads\/2026\/01\/camoes-1024x534.jpg 1024w, https:\/\/www.apjbrito.com\/wp-content\/uploads\/2026\/01\/camoes-300x156.jpg 300w, https:\/\/www.apjbrito.com\/wp-content\/uploads\/2026\/01\/camoes-768x400.jpg 768w, https:\/\/www.apjbrito.com\/wp-content\/uploads\/2026\/01\/camoes-1536x800.jpg 1536w, https:\/\/www.apjbrito.com\/wp-content\/uploads\/2026\/01\/camoes.jpg 1714w\" sizes=\"auto, (max-width: 1024px) 100vw, 1024px\" \/><\/a><\/figure>\n<\/div>\n\n\n<p>A l\u00edngua e a cultura de um pa\u00eds andam \u201cde m\u00e3os dadas\u201d na cria\u00e7\u00e3o da identidade de um povo.&nbsp;Por este motivo, as professoras de Portugu\u00eas do Agrupamento de Escolas Pintor Jos\u00e9 de Brito desafiaram os alunos a celebrar essa mesma identidade\u2026 Daqui nasceu \u201cO Baile do Cam\u00f5es\u201d, que associa as particularidades deste autor intemporal ao som dos bailaricos minhotos!&nbsp;<\/p>\n\n\n\n<p>Cam\u00f5es tamb\u00e9m pode ser divertido!&nbsp;&nbsp;<\/p>\n","protected":false},"excerpt":{"rendered":"<p>Associar esta&nbsp;figura central da l\u00edngua portuguesa ao territ\u00f3rio local (neste caso, o Minho) ajudou&nbsp;os alunos a sentirem que a Hist\u00f3ria e a Literatura&nbsp;n\u00e3o s\u00e3o conceitos distantes.&nbsp; A l\u00edngua e a cultura de um pa\u00eds andam \u201cde m\u00e3os dadas\u201d na cria\u00e7\u00e3o da identidade de um povo.&nbsp;Por este motivo, as professoras de Portugu\u00eas do Agrupamento de Escolas [&hellip;]<\/p>\n","protected":false},"author":1,"featured_media":5734,"comment_status":"closed","ping_status":"","sticky":false,"template":"","format":"standard","meta":{"footnotes":""},"categories":[5],"tags":[],"class_list":["post-5733","post","type-post","status-publish","format-standard","has-post-thumbnail","hentry","category-noticias"],"_links":{"self":[{"href":"https:\/\/www.apjbrito.com\/index.php\/wp-json\/wp\/v2\/posts\/5733","targetHints":{"allow":["GET"]}}],"collection":[{"href":"https:\/\/www.apjbrito.com\/index.php\/wp-json\/wp\/v2\/posts"}],"about":[{"href":"https:\/\/www.apjbrito.com\/index.php\/wp-json\/wp\/v2\/types\/post"}],"author":[{"embeddable":true,"href":"https:\/\/www.apjbrito.com\/index.php\/wp-json\/wp\/v2\/users\/1"}],"replies":[{"embeddable":true,"href":"https:\/\/www.apjbrito.com\/index.php\/wp-json\/wp\/v2\/comments?post=5733"}],"version-history":[{"count":0,"href":"https:\/\/www.apjbrito.com\/index.php\/wp-json\/wp\/v2\/posts\/5733\/revisions"}],"wp:featuredmedia":[{"embeddable":true,"href":"https:\/\/www.apjbrito.com\/index.php\/wp-json\/wp\/v2\/media\/5734"}],"wp:attachment":[{"href":"https:\/\/www.apjbrito.com\/index.php\/wp-json\/wp\/v2\/media?parent=5733"}],"wp:term":[{"taxonomy":"category","embeddable":true,"href":"https:\/\/www.apjbrito.com\/index.php\/wp-json\/wp\/v2\/categories?post=5733"},{"taxonomy":"post_tag","embeddable":true,"href":"https:\/\/www.apjbrito.com\/index.php\/wp-json\/wp\/v2\/tags?post=5733"}],"curies":[{"name":"wp","href":"https:\/\/api.w.org\/{rel}","templated":true}]}}