{"id":5736,"date":"2026-01-27T16:39:29","date_gmt":"2026-01-27T16:39:29","guid":{"rendered":"https:\/\/www.apjbrito.com\/?p=5736"},"modified":"2026-01-27T16:39:29","modified_gmt":"2026-01-27T16:39:29","slug":"dia-internacional-em-memoria-das-vitimas-do-holocausto","status":"publish","type":"post","link":"https:\/\/www.apjbrito.com\/index.php\/2026\/01\/27\/dia-internacional-em-memoria-das-vitimas-do-holocausto\/","title":{"rendered":"Dia Internacional em Mem\u00f3ria das V\u00edtimas do Holocausto"},"content":{"rendered":"\n<p>Hoje, a nossa escola associou-se \u00e0 evoca\u00e7\u00e3o do <strong>Dia Internacional em Mem\u00f3ria das V\u00edtimas do Holocausto<\/strong>, assumindo um compromisso com os valores da <strong>dignidade humana<\/strong> e da <strong>mem\u00f3ria coletiva<\/strong>. A iniciativa contou com uma exposi\u00e7\u00e3o organizada pela <strong>professora S\u00f3nia Cruz<\/strong>, onde, para al\u00e9m dos cartazes informativos, os alunos puderam ouvir e ver <strong>testemunhos de prisioneiros<\/strong>, aprofundando a compreens\u00e3o sobre este acontecimento hist\u00f3rico.<\/p>\n\n\n\n<figure class=\"wp-block-gallery has-nested-images columns-default is-cropped wp-block-gallery-1 is-layout-flex wp-block-gallery-is-layout-flex\">\n<figure class=\"wp-block-image size-large\"><img loading=\"lazy\" decoding=\"async\" width=\"1024\" height=\"768\" data-id=\"5739\" src=\"https:\/\/www.apjbrito.com\/wp-content\/uploads\/2026\/01\/foto.sem-rostos-2-1024x768.png\" alt=\"\" class=\"wp-image-5739\" srcset=\"https:\/\/www.apjbrito.com\/wp-content\/uploads\/2026\/01\/foto.sem-rostos-2-1024x768.png 1024w, https:\/\/www.apjbrito.com\/wp-content\/uploads\/2026\/01\/foto.sem-rostos-2-300x225.png 300w, https:\/\/www.apjbrito.com\/wp-content\/uploads\/2026\/01\/foto.sem-rostos-2-768x576.png 768w, https:\/\/www.apjbrito.com\/wp-content\/uploads\/2026\/01\/foto.sem-rostos-2-1536x1152.png 1536w, https:\/\/www.apjbrito.com\/wp-content\/uploads\/2026\/01\/foto.sem-rostos-2.png 2048w\" sizes=\"auto, (max-width: 1024px) 100vw, 1024px\" \/><\/figure>\n\n\n\n<figure class=\"wp-block-image size-large\"><img loading=\"lazy\" decoding=\"async\" width=\"1024\" height=\"768\" data-id=\"5738\" src=\"https:\/\/www.apjbrito.com\/wp-content\/uploads\/2026\/01\/foto.sem-rostos-1024x768.png\" alt=\"\" class=\"wp-image-5738\" srcset=\"https:\/\/www.apjbrito.com\/wp-content\/uploads\/2026\/01\/foto.sem-rostos-1024x768.png 1024w, https:\/\/www.apjbrito.com\/wp-content\/uploads\/2026\/01\/foto.sem-rostos-300x225.png 300w, https:\/\/www.apjbrito.com\/wp-content\/uploads\/2026\/01\/foto.sem-rostos-768x576.png 768w, https:\/\/www.apjbrito.com\/wp-content\/uploads\/2026\/01\/foto.sem-rostos-1536x1152.png 1536w, https:\/\/www.apjbrito.com\/wp-content\/uploads\/2026\/01\/foto.sem-rostos.png 2048w\" sizes=\"auto, (max-width: 1024px) 100vw, 1024px\" \/><\/figure>\n<\/figure>\n\n\n\n<p>A exposi\u00e7\u00e3o incluiu um <strong>painel simb\u00f3lico dos prisioneiros de Auschwitz<\/strong>, representados com pijamas \u00e0s riscas, despojados de identidade, lembrando de forma marcante o sofrimento vivido nos campos de concentra\u00e7\u00e3o. Houve tamb\u00e9m um <strong>painel representativo da entrada de Auschwitz-Birkenau<\/strong>, realizado pelos alunos do <strong>6.\u00ba ano<\/strong>, bem como um <strong>espa\u00e7o dedicado a filmes e livros<\/strong>, permitindo aos alunos continuar a explorar e a estudar este tema fundamental.<\/p>\n\n\n\n<p>Os alunos <strong>Irina Videira, J\u00e9ssica Ara\u00fajo, Martim Domingues e Tiago Dourado (8.\u00ba D)<\/strong> emprestaram a sua voz para sensibilizar a comunidade educativa atrav\u00e9s de <strong>testemunhos reais<\/strong> sobre o sofrimento vivido nos campos de concentra\u00e7\u00e3o, nomeadamente por portugueses, enquanto a aluna <strong>Lia Martins (9.\u00ba A)<\/strong> interpretou a pe\u00e7a <em>\u201cA Lista de Schindler\u201d<\/em>, emocionando os presentes.<\/p>\n\n\n\n<p>Ao longo do dia, foram dinamizadas <strong>sess\u00f5es de esclarecimento<\/strong> para v\u00e1rias turmas que visitaram o espa\u00e7o, refor\u00e7ando um compromisso pessoal e coletivo com os <strong>direitos humanos<\/strong>, a mem\u00f3ria e a responsabilidade de compreender o passado para que n\u00e3o se repita.<\/p>\n\n\n\n<p>S\u00f3nia Cruz | Professora de Hist\u00f3ria<\/p>\n","protected":false},"excerpt":{"rendered":"<p>Hoje, a nossa escola associou-se \u00e0 evoca\u00e7\u00e3o do Dia Internacional em Mem\u00f3ria das V\u00edtimas do Holocausto, assumindo um compromisso com os valores da dignidade humana e da mem\u00f3ria coletiva. A iniciativa contou com uma exposi\u00e7\u00e3o organizada pela professora S\u00f3nia Cruz, onde, para al\u00e9m dos cartazes informativos, os alunos puderam ouvir e ver testemunhos de prisioneiros, [&hellip;]<\/p>\n","protected":false},"author":1,"featured_media":5737,"comment_status":"closed","ping_status":"","sticky":false,"template":"","format":"standard","meta":{"footnotes":""},"categories":[5],"tags":[],"class_list":["post-5736","post","type-post","status-publish","format-standard","has-post-thumbnail","hentry","category-noticias"],"_links":{"self":[{"href":"https:\/\/www.apjbrito.com\/index.php\/wp-json\/wp\/v2\/posts\/5736","targetHints":{"allow":["GET"]}}],"collection":[{"href":"https:\/\/www.apjbrito.com\/index.php\/wp-json\/wp\/v2\/posts"}],"about":[{"href":"https:\/\/www.apjbrito.com\/index.php\/wp-json\/wp\/v2\/types\/post"}],"author":[{"embeddable":true,"href":"https:\/\/www.apjbrito.com\/index.php\/wp-json\/wp\/v2\/users\/1"}],"replies":[{"embeddable":true,"href":"https:\/\/www.apjbrito.com\/index.php\/wp-json\/wp\/v2\/comments?post=5736"}],"version-history":[{"count":0,"href":"https:\/\/www.apjbrito.com\/index.php\/wp-json\/wp\/v2\/posts\/5736\/revisions"}],"wp:featuredmedia":[{"embeddable":true,"href":"https:\/\/www.apjbrito.com\/index.php\/wp-json\/wp\/v2\/media\/5737"}],"wp:attachment":[{"href":"https:\/\/www.apjbrito.com\/index.php\/wp-json\/wp\/v2\/media?parent=5736"}],"wp:term":[{"taxonomy":"category","embeddable":true,"href":"https:\/\/www.apjbrito.com\/index.php\/wp-json\/wp\/v2\/categories?post=5736"},{"taxonomy":"post_tag","embeddable":true,"href":"https:\/\/www.apjbrito.com\/index.php\/wp-json\/wp\/v2\/tags?post=5736"}],"curies":[{"name":"wp","href":"https:\/\/api.w.org\/{rel}","templated":true}]}}